{"id":43988,"date":"2020-02-19T08:46:11","date_gmt":"2020-02-19T08:46:11","guid":{"rendered":"https:\/\/www.vipemlak.com\/?p=43988"},"modified":"2020-02-19T08:46:11","modified_gmt":"2020-02-19T08:46:11","slug":"de-favoriete-site-van-mersin-ayas-regio-club-alga-vakantieplaats","status":"publish","type":"post","link":"https:\/\/www.vipemlak.com\/nl\/de-favoriete-site-van-mersin-ayas-regio-club-alga-vakantieplaats\/","title":{"rendered":"DE FAVORIETE SITE VAN MERS\u0130N AYA\u015e REGIO CLUB ALGA VAKANTIEPLAATS"},"content":{"rendered":"<p>DE FAVORIETE SITE VAN MERS\u0130N AYA\u015e REGIO CLUB ALGA VAKANTIEPLAATS<\/p>\n<p>CLUB ALGA VAKANTIEPLAATS IS IN MERS\u0130N ERDEML\u0130 AYA\u015e.<\/p>\n<p>CLUB ALGA SITE GELEGEN IN ERDEML\u0130 AYA\u015e REGIO IS samengesteld uit 5 verdiepingen tellende blokken en heeft een ZEE- en HOOFDPOSITIE. CLUB ALGA-SITE IS GELEGEN TUSSEN DE FAVORIETE SITES VAN DE REGIO AYA\u015e ZONDER LOCATIE VAN VERVOER.<\/p>\n<p>ER ZIJN ONTBIJT ZALEN, VIS RESTAURANTS EN VEEL BEDRIJF ROND DE CLUB ALGA SITE. APPARTEMENTEN OP CLUB ALGA SITE WORDEN GEBRUIKT ALS ZOMER EN WINTER.<\/p>\n<p>ALGEMENE CLUB-SITE HEEFT EIGEN SCAFFOLD EN ZERO CAMELIA. DE ZEE VAN DE BALCONS KIJKT DOOR DE LOCATIES VAN DE APPARTEMENTEN OP DE CLUB ALGA-SITE.<\/p>\n<p>MERS\u0130N CENTRALE AFSTAND 55 KM ERDEML\u0130 CENTRALE AFSTAND 20 KM.<\/p>\n<p>ALS U EEN ZEE NUL, RUSTIG EN STIL LEVEN OP DE CLUB ALGA SITE WILT, KUNT U CONTACT OPNEMEN MET VEPP ONROEREND GOED EXPERT PERSONEEL TE HUUR EN TE KOOP.<\/p>\n<p>HET VERTROUWDE MERK VAN DE REAL ESTATE WORLD<\/p>\n<p>MERS\u0130N ERDEML\u0130 V\u0130P GAYR\u0130MENKUL<\/p>\n","protected":false},"excerpt":{"rendered":"<p>DE FAVORIETE SITE VAN MERS\u0130N AYA\u015e REGIO CLUB ALGA VAKANTIEPLAATS CLUB ALGA VAKANTIEPLAATS IS IN MERS\u0130N ERDEML\u0130 AYA\u015e. CLUB ALGA SITE GELEGEN IN ERDEML\u0130 AYA\u015e REGIO IS samengesteld uit 5 verdiepingen tellende blokken en heeft een ZEE- en HOOFDPOSITIE. CLUB ALGA-SITE IS GELEGEN TUSSEN DE FAVORIETE SITES VAN DE REGIO AYA\u015e ZONDER LOCATIE VAN VERVOER. [&hellip;]<\/p>\n","protected":false},"author":28,"featured_media":43588,"comment_status":"open","ping_status":"closed","sticky":false,"template":"","format":"standard","meta":{"footnotes":""},"categories":[76],"tags":[],"class_list":["post-43988","post","type-post","status-publish","format-standard","has-post-thumbnail","hentry","category-nieuws"],"yoast_head":"<!-- This site is optimized with the Yoast SEO plugin v27.4 - https:\/\/yoast.com\/product\/yoast-seo-wordpress\/ -->\n<title>DE FAVORIETE SITE VAN MERS\u0130N AYA\u015e REGIO CLUB ALGA VAKANTIEPLAATS - V\u0130PGAYR\u0130MENKUL<\/title>\n<meta name=\"robots\" content=\"index, follow, max-snippet:-1, max-image-preview:large, max-video-preview:-1\" \/>\n<link rel=\"canonical\" href=\"https:\/\/www.vipemlak.com\/nl\/de-favoriete-site-van-mersin-ayas-regio-club-alga-vakantieplaats\/\" \/>\n<meta property=\"og:locale\" content=\"nl_NL\" \/>\n<meta property=\"og:type\" content=\"article\" \/>\n<meta property=\"og:title\" content=\"DE FAVORIETE SITE VAN MERS\u0130N AYA\u015e REGIO CLUB ALGA VAKANTIEPLAATS - V\u0130PGAYR\u0130MENKUL\" \/>\n<meta property=\"og:description\" content=\"DE FAVORIETE SITE VAN MERS\u0130N AYA\u015e REGIO CLUB ALGA VAKANTIEPLAATS CLUB ALGA VAKANTIEPLAATS IS IN MERS\u0130N ERDEML\u0130 AYA\u015e. CLUB ALGA SITE GELEGEN IN ERDEML\u0130 AYA\u015e REGIO IS samengesteld uit 5 verdiepingen tellende blokken en heeft een ZEE- en HOOFDPOSITIE. CLUB ALGA-SITE IS GELEGEN TUSSEN DE FAVORIETE SITES VAN DE REGIO AYA\u015e ZONDER LOCATIE VAN VERVOER. [&hellip;]\" \/>\n<meta property=\"og:url\" content=\"https:\/\/www.vipemlak.com\/nl\/de-favoriete-site-van-mersin-ayas-regio-club-alga-vakantieplaats\/\" \/>\n<meta property=\"og:site_name\" content=\"V\u0130PGAYR\u0130MENKUL\" \/>\n<meta property=\"article:publisher\" content=\"https:\/\/www.facebook.com\/share\/jNAc3JQbyQJ9zGYL\/?mibextid=YMEMSu\" \/>\n<meta property=\"article:published_time\" content=\"2020-02-19T08:46:11+00:00\" \/>\n<meta property=\"og:image\" content=\"https:\/\/www.vipemlak.com\/wp-content\/uploads\/2020\/02\/Club-Alga-sitesinde-31-sat\u0131l\u0131k-daire-zemin_14.jpg\" \/>\n\t<meta property=\"og:image:width\" content=\"2560\" \/>\n\t<meta property=\"og:image:height\" content=\"1707\" \/>\n\t<meta property=\"og:image:type\" content=\"image\/jpeg\" \/>\n<meta name=\"author\" content=\"ANIL SEYMEN\" \/>\n<meta name=\"twitter:card\" content=\"summary_large_image\" \/>\n<meta name=\"twitter:label1\" content=\"Written by\" \/>\n\t<meta name=\"twitter:data1\" content=\"ANIL SEYMEN\" \/>\n\t<meta name=\"twitter:label2\" content=\"Est. reading time\" \/>\n\t<meta name=\"twitter:data2\" content=\"1 minute\" \/>\n<script type=\"application\/ld+json\" class=\"yoast-schema-graph\">{\"@context\":\"https:\\\/\\\/schema.org\",\"@graph\":[{\"@type\":\"Article\",\"@id\":\"https:\\\/\\\/www.vipemlak.com\\\/nl\\\/de-favoriete-site-van-mersin-ayas-regio-club-alga-vakantieplaats\\\/#article\",\"isPartOf\":{\"@id\":\"https:\\\/\\\/www.vipemlak.com\\\/nl\\\/de-favoriete-site-van-mersin-ayas-regio-club-alga-vakantieplaats\\\/\"},\"author\":{\"name\":\"ANIL SEYMEN\",\"@id\":\"https:\\\/\\\/www.vipemlak.com\\\/nl\\\/#\\\/schema\\\/person\\\/60a4032648d610889a07159a15404777\"},\"headline\":\"DE FAVORIETE SITE VAN MERS\u0130N AYA\u015e REGIO CLUB ALGA VAKANTIEPLAATS\",\"datePublished\":\"2020-02-19T08:46:11+00:00\",\"mainEntityOfPage\":{\"@id\":\"https:\\\/\\\/www.vipemlak.com\\\/nl\\\/de-favoriete-site-van-mersin-ayas-regio-club-alga-vakantieplaats\\\/\"},\"wordCount\":170,\"commentCount\":0,\"image\":{\"@id\":\"https:\\\/\\\/www.vipemlak.com\\\/nl\\\/de-favoriete-site-van-mersin-ayas-regio-club-alga-vakantieplaats\\\/#primaryimage\"},\"thumbnailUrl\":\"https:\\\/\\\/www.vipemlak.com\\\/wp-content\\\/uploads\\\/2020\\\/02\\\/Club-Alga-sitesinde-31-sat\u0131l\u0131k-daire-zemin_14.jpg\",\"articleSection\":[\"Nieuws\"],\"inLanguage\":\"nl-NL\"},{\"@type\":\"WebPage\",\"@id\":\"https:\\\/\\\/www.vipemlak.com\\\/nl\\\/de-favoriete-site-van-mersin-ayas-regio-club-alga-vakantieplaats\\\/\",\"url\":\"https:\\\/\\\/www.vipemlak.com\\\/nl\\\/de-favoriete-site-van-mersin-ayas-regio-club-alga-vakantieplaats\\\/\",\"name\":\"DE FAVORIETE SITE VAN MERS\u0130N AYA\u015e REGIO CLUB ALGA VAKANTIEPLAATS - V\u0130PGAYR\u0130MENKUL\",\"isPartOf\":{\"@id\":\"https:\\\/\\\/www.vipemlak.com\\\/nl\\\/#website\"},\"primaryImageOfPage\":{\"@id\":\"https:\\\/\\\/www.vipemlak.com\\\/nl\\\/de-favoriete-site-van-mersin-ayas-regio-club-alga-vakantieplaats\\\/#primaryimage\"},\"image\":{\"@id\":\"https:\\\/\\\/www.vipemlak.com\\\/nl\\\/de-favoriete-site-van-mersin-ayas-regio-club-alga-vakantieplaats\\\/#primaryimage\"},\"thumbnailUrl\":\"https:\\\/\\\/www.vipemlak.com\\\/wp-content\\\/uploads\\\/2020\\\/02\\\/Club-Alga-sitesinde-31-sat\u0131l\u0131k-daire-zemin_14.jpg\",\"datePublished\":\"2020-02-19T08:46:11+00:00\",\"author\":{\"@id\":\"https:\\\/\\\/www.vipemlak.com\\\/nl\\\/#\\\/schema\\\/person\\\/60a4032648d610889a07159a15404777\"},\"breadcrumb\":{\"@id\":\"https:\\\/\\\/www.vipemlak.com\\\/nl\\\/de-favoriete-site-van-mersin-ayas-regio-club-alga-vakantieplaats\\\/#breadcrumb\"},\"inLanguage\":\"nl-NL\",\"potentialAction\":[{\"@type\":\"ReadAction\",\"target\":[\"https:\\\/\\\/www.vipemlak.com\\\/nl\\\/de-favoriete-site-van-mersin-ayas-regio-club-alga-vakantieplaats\\\/\"]}]},{\"@type\":\"ImageObject\",\"inLanguage\":\"nl-NL\",\"@id\":\"https:\\\/\\\/www.vipemlak.com\\\/nl\\\/de-favoriete-site-van-mersin-ayas-regio-club-alga-vakantieplaats\\\/#primaryimage\",\"url\":\"https:\\\/\\\/www.vipemlak.com\\\/wp-content\\\/uploads\\\/2020\\\/02\\\/Club-Alga-sitesinde-31-sat\u0131l\u0131k-daire-zemin_14.jpg\",\"contentUrl\":\"https:\\\/\\\/www.vipemlak.com\\\/wp-content\\\/uploads\\\/2020\\\/02\\\/Club-Alga-sitesinde-31-sat\u0131l\u0131k-daire-zemin_14.jpg\",\"width\":2560,\"height\":1707},{\"@type\":\"BreadcrumbList\",\"@id\":\"https:\\\/\\\/www.vipemlak.com\\\/nl\\\/de-favoriete-site-van-mersin-ayas-regio-club-alga-vakantieplaats\\\/#breadcrumb\",\"itemListElement\":[{\"@type\":\"ListItem\",\"position\":1,\"name\":\"Ana sayfa\",\"item\":\"https:\\\/\\\/www.vipemlak.com\\\/nl\\\/\"},{\"@type\":\"ListItem\",\"position\":2,\"name\":\"DE FAVORIETE SITE VAN MERS\u0130N AYA\u015e REGIO CLUB ALGA VAKANTIEPLAATS\"}]},{\"@type\":\"WebSite\",\"@id\":\"https:\\\/\\\/www.vipemlak.com\\\/nl\\\/#website\",\"url\":\"https:\\\/\\\/www.vipemlak.com\\\/nl\\\/\",\"name\":\"V\u0130PGAYR\u0130MENKUL\",\"description\":\"EMLAK\",\"potentialAction\":[{\"@type\":\"SearchAction\",\"target\":{\"@type\":\"EntryPoint\",\"urlTemplate\":\"https:\\\/\\\/www.vipemlak.com\\\/nl\\\/?s={search_term_string}\"},\"query-input\":{\"@type\":\"PropertyValueSpecification\",\"valueRequired\":true,\"valueName\":\"search_term_string\"}}],\"inLanguage\":\"nl-NL\"},{\"@type\":\"Person\",\"@id\":\"https:\\\/\\\/www.vipemlak.com\\\/nl\\\/#\\\/schema\\\/person\\\/60a4032648d610889a07159a15404777\",\"name\":\"ANIL SEYMEN\",\"image\":{\"@type\":\"ImageObject\",\"inLanguage\":\"nl-NL\",\"@id\":\"http:\\\/\\\/www.vipemlak.com\\\/wp-content\\\/uploads\\\/2024\\\/05\\\/avataruser281715211532-96x96.jpg\",\"url\":\"http:\\\/\\\/www.vipemlak.com\\\/wp-content\\\/uploads\\\/2024\\\/05\\\/avataruser281715211532-96x96.jpg\",\"contentUrl\":\"http:\\\/\\\/www.vipemlak.com\\\/wp-content\\\/uploads\\\/2024\\\/05\\\/avataruser281715211532-96x96.jpg\",\"caption\":\"ANIL SEYMEN\"},\"description\":\"ANIL SEYMEN\",\"sameAs\":[\"http:\\\/\\\/vipemlak.com\"],\"url\":\"https:\\\/\\\/www.vipemlak.com\\\/nl\\\/danisman\\\/vipanil\\\/\"}]}<\/script>\n<!-- \/ Yoast SEO plugin. -->","yoast_head_json":{"title":"DE FAVORIETE SITE VAN MERS\u0130N AYA\u015e REGIO CLUB ALGA VAKANTIEPLAATS - V\u0130PGAYR\u0130MENKUL","robots":{"index":"index","follow":"follow","max-snippet":"max-snippet:-1","max-image-preview":"max-image-preview:large","max-video-preview":"max-video-preview:-1"},"canonical":"https:\/\/www.vipemlak.com\/nl\/de-favoriete-site-van-mersin-ayas-regio-club-alga-vakantieplaats\/","og_locale":"nl_NL","og_type":"article","og_title":"DE FAVORIETE SITE VAN MERS\u0130N AYA\u015e REGIO CLUB ALGA VAKANTIEPLAATS - V\u0130PGAYR\u0130MENKUL","og_description":"DE FAVORIETE SITE VAN MERS\u0130N AYA\u015e REGIO CLUB ALGA VAKANTIEPLAATS CLUB ALGA VAKANTIEPLAATS IS IN MERS\u0130N ERDEML\u0130 AYA\u015e. CLUB ALGA SITE GELEGEN IN ERDEML\u0130 AYA\u015e REGIO IS samengesteld uit 5 verdiepingen tellende blokken en heeft een ZEE- en HOOFDPOSITIE. CLUB ALGA-SITE IS GELEGEN TUSSEN DE FAVORIETE SITES VAN DE REGIO AYA\u015e ZONDER LOCATIE VAN VERVOER. [&hellip;]","og_url":"https:\/\/www.vipemlak.com\/nl\/de-favoriete-site-van-mersin-ayas-regio-club-alga-vakantieplaats\/","og_site_name":"V\u0130PGAYR\u0130MENKUL","article_publisher":"https:\/\/www.facebook.com\/share\/jNAc3JQbyQJ9zGYL\/?mibextid=YMEMSu","article_published_time":"2020-02-19T08:46:11+00:00","og_image":[{"width":2560,"height":1707,"url":"https:\/\/www.vipemlak.com\/wp-content\/uploads\/2020\/02\/Club-Alga-sitesinde-31-sat\u0131l\u0131k-daire-zemin_14.jpg","type":"image\/jpeg"}],"author":"ANIL SEYMEN","twitter_card":"summary_large_image","twitter_misc":{"Written by":"ANIL SEYMEN","Est. reading time":"1 minute"},"schema":{"@context":"https:\/\/schema.org","@graph":[{"@type":"Article","@id":"https:\/\/www.vipemlak.com\/nl\/de-favoriete-site-van-mersin-ayas-regio-club-alga-vakantieplaats\/#article","isPartOf":{"@id":"https:\/\/www.vipemlak.com\/nl\/de-favoriete-site-van-mersin-ayas-regio-club-alga-vakantieplaats\/"},"author":{"name":"ANIL SEYMEN","@id":"https:\/\/www.vipemlak.com\/nl\/#\/schema\/person\/60a4032648d610889a07159a15404777"},"headline":"DE FAVORIETE SITE VAN MERS\u0130N AYA\u015e REGIO CLUB ALGA VAKANTIEPLAATS","datePublished":"2020-02-19T08:46:11+00:00","mainEntityOfPage":{"@id":"https:\/\/www.vipemlak.com\/nl\/de-favoriete-site-van-mersin-ayas-regio-club-alga-vakantieplaats\/"},"wordCount":170,"commentCount":0,"image":{"@id":"https:\/\/www.vipemlak.com\/nl\/de-favoriete-site-van-mersin-ayas-regio-club-alga-vakantieplaats\/#primaryimage"},"thumbnailUrl":"https:\/\/www.vipemlak.com\/wp-content\/uploads\/2020\/02\/Club-Alga-sitesinde-31-sat\u0131l\u0131k-daire-zemin_14.jpg","articleSection":["Nieuws"],"inLanguage":"nl-NL"},{"@type":"WebPage","@id":"https:\/\/www.vipemlak.com\/nl\/de-favoriete-site-van-mersin-ayas-regio-club-alga-vakantieplaats\/","url":"https:\/\/www.vipemlak.com\/nl\/de-favoriete-site-van-mersin-ayas-regio-club-alga-vakantieplaats\/","name":"DE FAVORIETE SITE VAN MERS\u0130N AYA\u015e REGIO CLUB ALGA VAKANTIEPLAATS - V\u0130PGAYR\u0130MENKUL","isPartOf":{"@id":"https:\/\/www.vipemlak.com\/nl\/#website"},"primaryImageOfPage":{"@id":"https:\/\/www.vipemlak.com\/nl\/de-favoriete-site-van-mersin-ayas-regio-club-alga-vakantieplaats\/#primaryimage"},"image":{"@id":"https:\/\/www.vipemlak.com\/nl\/de-favoriete-site-van-mersin-ayas-regio-club-alga-vakantieplaats\/#primaryimage"},"thumbnailUrl":"https:\/\/www.vipemlak.com\/wp-content\/uploads\/2020\/02\/Club-Alga-sitesinde-31-sat\u0131l\u0131k-daire-zemin_14.jpg","datePublished":"2020-02-19T08:46:11+00:00","author":{"@id":"https:\/\/www.vipemlak.com\/nl\/#\/schema\/person\/60a4032648d610889a07159a15404777"},"breadcrumb":{"@id":"https:\/\/www.vipemlak.com\/nl\/de-favoriete-site-van-mersin-ayas-regio-club-alga-vakantieplaats\/#breadcrumb"},"inLanguage":"nl-NL","potentialAction":[{"@type":"ReadAction","target":["https:\/\/www.vipemlak.com\/nl\/de-favoriete-site-van-mersin-ayas-regio-club-alga-vakantieplaats\/"]}]},{"@type":"ImageObject","inLanguage":"nl-NL","@id":"https:\/\/www.vipemlak.com\/nl\/de-favoriete-site-van-mersin-ayas-regio-club-alga-vakantieplaats\/#primaryimage","url":"https:\/\/www.vipemlak.com\/wp-content\/uploads\/2020\/02\/Club-Alga-sitesinde-31-sat\u0131l\u0131k-daire-zemin_14.jpg","contentUrl":"https:\/\/www.vipemlak.com\/wp-content\/uploads\/2020\/02\/Club-Alga-sitesinde-31-sat\u0131l\u0131k-daire-zemin_14.jpg","width":2560,"height":1707},{"@type":"BreadcrumbList","@id":"https:\/\/www.vipemlak.com\/nl\/de-favoriete-site-van-mersin-ayas-regio-club-alga-vakantieplaats\/#breadcrumb","itemListElement":[{"@type":"ListItem","position":1,"name":"Ana sayfa","item":"https:\/\/www.vipemlak.com\/nl\/"},{"@type":"ListItem","position":2,"name":"DE FAVORIETE SITE VAN MERS\u0130N AYA\u015e REGIO CLUB ALGA VAKANTIEPLAATS"}]},{"@type":"WebSite","@id":"https:\/\/www.vipemlak.com\/nl\/#website","url":"https:\/\/www.vipemlak.com\/nl\/","name":"V\u0130PGAYR\u0130MENKUL","description":"EMLAK","potentialAction":[{"@type":"SearchAction","target":{"@type":"EntryPoint","urlTemplate":"https:\/\/www.vipemlak.com\/nl\/?s={search_term_string}"},"query-input":{"@type":"PropertyValueSpecification","valueRequired":true,"valueName":"search_term_string"}}],"inLanguage":"nl-NL"},{"@type":"Person","@id":"https:\/\/www.vipemlak.com\/nl\/#\/schema\/person\/60a4032648d610889a07159a15404777","name":"ANIL SEYMEN","image":{"@type":"ImageObject","inLanguage":"nl-NL","@id":"http:\/\/www.vipemlak.com\/wp-content\/uploads\/2024\/05\/avataruser281715211532-96x96.jpg","url":"http:\/\/www.vipemlak.com\/wp-content\/uploads\/2024\/05\/avataruser281715211532-96x96.jpg","contentUrl":"http:\/\/www.vipemlak.com\/wp-content\/uploads\/2024\/05\/avataruser281715211532-96x96.jpg","caption":"ANIL SEYMEN"},"description":"ANIL SEYMEN","sameAs":["http:\/\/vipemlak.com"],"url":"https:\/\/www.vipemlak.com\/nl\/danisman\/vipanil\/"}]}},"_links":{"self":[{"href":"https:\/\/www.vipemlak.com\/nl\/wp-json\/wp\/v2\/posts\/43988","targetHints":{"allow":["GET"]}}],"collection":[{"href":"https:\/\/www.vipemlak.com\/nl\/wp-json\/wp\/v2\/posts"}],"about":[{"href":"https:\/\/www.vipemlak.com\/nl\/wp-json\/wp\/v2\/types\/post"}],"author":[{"embeddable":true,"href":"https:\/\/www.vipemlak.com\/nl\/wp-json\/wp\/v2\/users\/28"}],"replies":[{"embeddable":true,"href":"https:\/\/www.vipemlak.com\/nl\/wp-json\/wp\/v2\/comments?post=43988"}],"version-history":[{"count":0,"href":"https:\/\/www.vipemlak.com\/nl\/wp-json\/wp\/v2\/posts\/43988\/revisions"}],"wp:featuredmedia":[{"embeddable":true,"href":"https:\/\/www.vipemlak.com\/nl\/wp-json\/wp\/v2\/media\/43588"}],"wp:attachment":[{"href":"https:\/\/www.vipemlak.com\/nl\/wp-json\/wp\/v2\/media?parent=43988"}],"wp:term":[{"taxonomy":"category","embeddable":true,"href":"https:\/\/www.vipemlak.com\/nl\/wp-json\/wp\/v2\/categories?post=43988"},{"taxonomy":"post_tag","embeddable":true,"href":"https:\/\/www.vipemlak.com\/nl\/wp-json\/wp\/v2\/tags?post=43988"}],"curies":[{"name":"wp","href":"https:\/\/api.w.org\/{rel}","templated":true}]}}